{"id":14323,"date":"2023-06-22T12:33:29","date_gmt":"2023-06-22T17:33:29","guid":{"rendered":"https:\/\/munimiperu.gob.pe\/main\/?p=14323"},"modified":"2023-06-26T10:52:51","modified_gmt":"2023-06-26T15:52:51","slug":"mas-de-400-estudiantes-postularon-a-la-pre-mi-peru","status":"publish","type":"post","link":"https:\/\/munimiperu.gob.pe\/main\/mas-de-400-estudiantes-postularon-a-la-pre-mi-peru\/","title":{"rendered":"\u00a1M\u00c1S DE 400 ESTUDIANTES POSTULARON A LA \u201cPRE MI PER\u00da\u201d!"},"content":{"rendered":"\n<p>Gracias a las gestiones de la Municipalidad Distrital de Mi Per\u00fa, liderado por el alcalde Irvin Ch\u00e1vez, podremos brindar educaci\u00f3n gratuita y de calidad.<\/p>\n\n\n\n<p>Pensando en las oportunidades y mejoras que se merecen nuestros j\u00f3venes del distrito; el alcalde distrital de Mi Per\u00fa, apertur\u00f3 &#8220;La Pre Mi Per\u00fa&#8221;, academia pre universitaria municipal, donde postularon m\u00e1s de 400 estudiantes a trav\u00e9s de un examen de calificaci\u00f3n.<\/p>\n\n\n\n<figure class=\"wp-block-image size-large\"><a href=\"https:\/\/munimiperu.gob.pe\/main\/wp-content\/uploads\/2023\/06\/IMG_9996-1-scaled.jpg\"><img loading=\"lazy\" decoding=\"async\" width=\"1024\" height=\"574\" src=\"https:\/\/munimiperu.gob.pe\/main\/wp-content\/uploads\/2023\/06\/IMG_9996-1-1024x574.jpg\" alt=\"\" class=\"wp-image-14331\" srcset=\"https:\/\/munimiperu.gob.pe\/main\/wp-content\/uploads\/2023\/06\/IMG_9996-1-1024x574.jpg 1024w, https:\/\/munimiperu.gob.pe\/main\/wp-content\/uploads\/2023\/06\/IMG_9996-1-300x168.jpg 300w, https:\/\/munimiperu.gob.pe\/main\/wp-content\/uploads\/2023\/06\/IMG_9996-1-768x431.jpg 768w, https:\/\/munimiperu.gob.pe\/main\/wp-content\/uploads\/2023\/06\/IMG_9996-1-1536x862.jpg 1536w, https:\/\/munimiperu.gob.pe\/main\/wp-content\/uploads\/2023\/06\/IMG_9996-1-2048x1149.jpg 2048w\" sizes=\"auto, (max-width: 1024px) 100vw, 1024px\" \/><\/a><\/figure>\n\n\n\n<p>Estuvieron presentes las regidoras Keiko Campo y Cinthia Contreras; as\u00ed como del Director Regional de Educaci\u00f3n del Callao, Mg. Manuel Durand; el director de UGEL Ventanilla, Mg. Julio C\u00e9sar Castillo Carri\u00f3n; el director de la Instituci\u00f3n Educativa, Manuel Seoane Corrales, Mg. Miguel Angel Zapata Panta; el consejero regional del Callao por Mi Per\u00fa, Juan Amaya; el gerente de desarrollo humano, Miguel Gonz\u00e1les y el subgerente de educaci\u00f3n, cultura, deporte y juventud, Juan Carlos Janampa.<\/p>\n\n\n\n<figure class=\"wp-block-image size-large\"><a href=\"https:\/\/munimiperu.gob.pe\/main\/wp-content\/uploads\/2023\/06\/1-1-scaled.jpg\"><img loading=\"lazy\" decoding=\"async\" width=\"1024\" height=\"574\" src=\"https:\/\/munimiperu.gob.pe\/main\/wp-content\/uploads\/2023\/06\/1-1-1024x574.jpg\" alt=\"\" class=\"wp-image-14333\" srcset=\"https:\/\/munimiperu.gob.pe\/main\/wp-content\/uploads\/2023\/06\/1-1-1024x574.jpg 1024w, https:\/\/munimiperu.gob.pe\/main\/wp-content\/uploads\/2023\/06\/1-1-300x168.jpg 300w, https:\/\/munimiperu.gob.pe\/main\/wp-content\/uploads\/2023\/06\/1-1-768x431.jpg 768w, https:\/\/munimiperu.gob.pe\/main\/wp-content\/uploads\/2023\/06\/1-1-1536x862.jpg 1536w, https:\/\/munimiperu.gob.pe\/main\/wp-content\/uploads\/2023\/06\/1-1-2048x1149.jpg 2048w\" sizes=\"auto, (max-width: 1024px) 100vw, 1024px\" \/><\/a><\/figure>\n\n\n\n<p>&#8220;Preferimos ver a un joven en un instituto o universidad; a que estar en la calle sin hacer nada. Hay que ser realistas, lamentablemente por temas econ\u00f3micos no se puede costear los estudios, el primer paso es cerrar esta brecha y repotenciar esta pre (&#8230;) en los pr\u00f3ximos d\u00edas nos reuniremos con representantes de UNAC y la UCV para generar becas integrales. Es cierto que hay un examen previo, pero ustedes tienen que esforzarse porque esto no es para sus familiares sino para el futuro de ustedes&#8221;, declar\u00f3 el alcalde distrital de Mi Per\u00fa, Irvin Chavez.<\/p>\n\n\n\n<div class=\"wp-block-columns is-layout-flex wp-container-core-columns-is-layout-1 wp-block-columns-is-layout-flex\">\n<div class=\"wp-block-column is-layout-flow wp-block-column-is-layout-flow\" style=\"flex-basis:33.34%\">\n<div class=\"wp-block-group is-layout-flow wp-block-group-is-layout-flow\"><div class=\"wp-block-group__inner-container\">\n<figure class=\"wp-block-image size-large\"><a href=\"https:\/\/munimiperu.gob.pe\/main\/wp-content\/uploads\/2023\/06\/2-1-1-scaled.jpg\"><img loading=\"lazy\" decoding=\"async\" width=\"1024\" height=\"574\" src=\"https:\/\/munimiperu.gob.pe\/main\/wp-content\/uploads\/2023\/06\/2-1-1-1024x574.jpg\" alt=\"\" class=\"wp-image-14334\" srcset=\"https:\/\/munimiperu.gob.pe\/main\/wp-content\/uploads\/2023\/06\/2-1-1-1024x574.jpg 1024w, https:\/\/munimiperu.gob.pe\/main\/wp-content\/uploads\/2023\/06\/2-1-1-300x168.jpg 300w, https:\/\/munimiperu.gob.pe\/main\/wp-content\/uploads\/2023\/06\/2-1-1-768x431.jpg 768w, https:\/\/munimiperu.gob.pe\/main\/wp-content\/uploads\/2023\/06\/2-1-1-1536x862.jpg 1536w, https:\/\/munimiperu.gob.pe\/main\/wp-content\/uploads\/2023\/06\/2-1-1-2048x1149.jpg 2048w\" sizes=\"auto, (max-width: 1024px) 100vw, 1024px\" \/><\/a><\/figure>\n<\/div><\/div>\n<\/div>\n\n\n\n<div class=\"wp-block-column is-layout-flow wp-block-column-is-layout-flow\" style=\"flex-basis:33.34%\">\n<figure class=\"wp-block-image size-large\"><a href=\"https:\/\/munimiperu.gob.pe\/main\/wp-content\/uploads\/2023\/06\/IMG_0089-scaled.jpg\"><img loading=\"lazy\" decoding=\"async\" width=\"1024\" height=\"574\" src=\"https:\/\/munimiperu.gob.pe\/main\/wp-content\/uploads\/2023\/06\/IMG_0089-1024x574.jpg\" alt=\"\" class=\"wp-image-14335\" srcset=\"https:\/\/munimiperu.gob.pe\/main\/wp-content\/uploads\/2023\/06\/IMG_0089-1024x574.jpg 1024w, https:\/\/munimiperu.gob.pe\/main\/wp-content\/uploads\/2023\/06\/IMG_0089-300x168.jpg 300w, https:\/\/munimiperu.gob.pe\/main\/wp-content\/uploads\/2023\/06\/IMG_0089-768x431.jpg 768w, https:\/\/munimiperu.gob.pe\/main\/wp-content\/uploads\/2023\/06\/IMG_0089-1536x862.jpg 1536w, https:\/\/munimiperu.gob.pe\/main\/wp-content\/uploads\/2023\/06\/IMG_0089-2048x1149.jpg 2048w\" sizes=\"auto, (max-width: 1024px) 100vw, 1024px\" \/><\/a><\/figure>\n<\/div>\n\n\n\n<div class=\"wp-block-column is-layout-flow wp-block-column-is-layout-flow\" style=\"flex-basis:33.33%\">\n<figure class=\"wp-block-image size-large\"><a href=\"https:\/\/munimiperu.gob.pe\/main\/wp-content\/uploads\/2023\/06\/IMG_0091-scaled.jpg\"><img loading=\"lazy\" decoding=\"async\" width=\"1024\" height=\"574\" src=\"https:\/\/munimiperu.gob.pe\/main\/wp-content\/uploads\/2023\/06\/IMG_0091-1024x574.jpg\" alt=\"\" class=\"wp-image-14336\" srcset=\"https:\/\/munimiperu.gob.pe\/main\/wp-content\/uploads\/2023\/06\/IMG_0091-1024x574.jpg 1024w, https:\/\/munimiperu.gob.pe\/main\/wp-content\/uploads\/2023\/06\/IMG_0091-300x168.jpg 300w, https:\/\/munimiperu.gob.pe\/main\/wp-content\/uploads\/2023\/06\/IMG_0091-768x431.jpg 768w, https:\/\/munimiperu.gob.pe\/main\/wp-content\/uploads\/2023\/06\/IMG_0091-1536x862.jpg 1536w, https:\/\/munimiperu.gob.pe\/main\/wp-content\/uploads\/2023\/06\/IMG_0091-2048x1149.jpg 2048w\" sizes=\"auto, (max-width: 1024px) 100vw, 1024px\" \/><\/a><\/figure>\n<\/div>\n<\/div>\n","protected":false},"excerpt":{"rendered":"<p>Gracias a las gestiones de la Municipalidad Distrital de Mi Per\u00fa, liderado por el alcalde Irvin Ch\u00e1vez, podremos brindar educaci\u00f3n gratuita y de calidad. Pensando en las oportunidades y mejoras que se merecen nuestros j\u00f3venes del distrito; el alcalde distrital de Mi Per\u00fa, apertur\u00f3 &#8220;La Pre Mi Per\u00fa&#8221;, academia pre universitaria municipal, donde postularon m\u00e1s &hellip;<\/p>\n<p class=\"read-more\"> <a class=\"\" href=\"https:\/\/munimiperu.gob.pe\/main\/mas-de-400-estudiantes-postularon-a-la-pre-mi-peru\/\"> <span class=\"screen-reader-text\">\u00a1M\u00c1S DE 400 ESTUDIANTES POSTULARON A LA \u201cPRE MI PER\u00da\u201d!<\/span> Leer m\u00e1s &raquo;<\/a><\/p>\n","protected":false},"author":1,"featured_media":14325,"comment_status":"closed","ping_status":"closed","sticky":false,"template":"","format":"standard","meta":{"_mi_skip_tracking":false,"site-sidebar-layout":"default","site-content-layout":"default","ast-main-header-display":"","ast-hfb-above-header-display":"","ast-hfb-below-header-display":"","ast-hfb-mobile-header-display":"","site-post-title":"","ast-breadcrumbs-content":"","ast-featured-img":"","footer-sml-layout":"","theme-transparent-header-meta":"","adv-header-id-meta":"","stick-header-meta":"","header-above-stick-meta":"","header-main-stick-meta":"","header-below-stick-meta":"","footnotes":""},"categories":[1,130,48,51,50,131,10],"tags":[],"class_list":["post-14323","post","type-post","status-publish","format-standard","has-post-thumbnail","hentry","category-informacion-publica","category-noticias","category-noticias-destacadas","category-proyectos-especiales","category-servicios","category-todo","category-ultimas-noticias"],"_links":{"self":[{"href":"https:\/\/munimiperu.gob.pe\/main\/wp-json\/wp\/v2\/posts\/14323","targetHints":{"allow":["GET"]}}],"collection":[{"href":"https:\/\/munimiperu.gob.pe\/main\/wp-json\/wp\/v2\/posts"}],"about":[{"href":"https:\/\/munimiperu.gob.pe\/main\/wp-json\/wp\/v2\/types\/post"}],"author":[{"embeddable":true,"href":"https:\/\/munimiperu.gob.pe\/main\/wp-json\/wp\/v2\/users\/1"}],"replies":[{"embeddable":true,"href":"https:\/\/munimiperu.gob.pe\/main\/wp-json\/wp\/v2\/comments?post=14323"}],"version-history":[{"count":7,"href":"https:\/\/munimiperu.gob.pe\/main\/wp-json\/wp\/v2\/posts\/14323\/revisions"}],"predecessor-version":[{"id":14337,"href":"https:\/\/munimiperu.gob.pe\/main\/wp-json\/wp\/v2\/posts\/14323\/revisions\/14337"}],"wp:featuredmedia":[{"embeddable":true,"href":"https:\/\/munimiperu.gob.pe\/main\/wp-json\/wp\/v2\/media\/14325"}],"wp:attachment":[{"href":"https:\/\/munimiperu.gob.pe\/main\/wp-json\/wp\/v2\/media?parent=14323"}],"wp:term":[{"taxonomy":"category","embeddable":true,"href":"https:\/\/munimiperu.gob.pe\/main\/wp-json\/wp\/v2\/categories?post=14323"},{"taxonomy":"post_tag","embeddable":true,"href":"https:\/\/munimiperu.gob.pe\/main\/wp-json\/wp\/v2\/tags?post=14323"}],"curies":[{"name":"wp","href":"https:\/\/api.w.org\/{rel}","templated":true}]}}