{"id":17236,"date":"2024-05-06T11:18:14","date_gmt":"2024-05-06T16:18:14","guid":{"rendered":"https:\/\/munimiperu.gob.pe\/main\/?p=17236"},"modified":"2024-10-04T09:17:15","modified_gmt":"2024-10-04T14:17:15","slug":"alcalde-irvin-chavez-logra-ante-ministerio-de-vivienda-que-se-garantice-proyecto-de-agua-y-desague","status":"publish","type":"post","link":"https:\/\/munimiperu.gob.pe\/main\/alcalde-irvin-chavez-logra-ante-ministerio-de-vivienda-que-se-garantice-proyecto-de-agua-y-desague\/","title":{"rendered":"ALCALDE IRVIN CH\u00c1VEZ LOGRA ANTE MINISTERIO DE VIVIENDA QUE SE GARANTICE PROYECTO DE AGUA Y DESAG\u00dcE"},"content":{"rendered":"\t\t<div data-elementor-type=\"wp-post\" data-elementor-id=\"17236\" class=\"elementor elementor-17236\" data-elementor-settings=\"[]\">\n\t\t\t\t\t\t<div class=\"elementor-inner\">\n\t\t\t\t\t\t\t<div class=\"elementor-section-wrap\">\n\t\t\t\t\t\t\t<section class=\"elementor-section elementor-top-section elementor-element elementor-element-06fd015 elementor-section-boxed elementor-section-height-default elementor-section-height-default\" data-id=\"06fd015\" data-element_type=\"section\">\n\t\t\t\t\t\t<div class=\"elementor-container elementor-column-gap-default\">\n\t\t\t\t\t\t\t<div class=\"elementor-row\">\n\t\t\t\t\t<div class=\"elementor-column elementor-col-100 elementor-top-column elementor-element elementor-element-2b45c3b\" data-id=\"2b45c3b\" data-element_type=\"column\">\n\t\t\t<div class=\"elementor-column-wrap elementor-element-populated\">\n\t\t\t\t\t\t\t<div class=\"elementor-widget-wrap\">\n\t\t\t\t\t\t<div class=\"elementor-element elementor-element-5c2946e elementor-widget elementor-widget-text-editor\" data-id=\"5c2946e\" data-element_type=\"widget\" data-widget_type=\"text-editor.default\">\n\t\t\t\t<div class=\"elementor-widget-container\">\n\t\t\t\t\t<div class=\"elementor-text-editor elementor-clearfix\"><p>El alcalde distrital de Mi Per\u00fa, Irvin Ch\u00e1vez Le\u00f3n, en un marat\u00f3nico domingo se logr\u00f3 reunir con la titular del ministerio de vivienda, construcci\u00f3n y saneamiento, Hania P\u00e9rez de Cuellar con la finalidad de que dicha entidad garantice la continuidad del proyecto N\u00b0 280 que consiste en llevar agua potable y alcantarillado a todo el distrito de Mi Per\u00fa.<\/p><p>Desde tempranas horas, el Dr. Irvin Ch\u00e1vez emprendi\u00f3 su viaje desde nuestro distrito hacia dicha entidad ubicada en San Isidro con el objetivo de manifestar a la titular de esta cartera, sobre la preocupaci\u00f3n de la existencia de una decisi\u00f3n administrativa de OSCE que recomienda paralizar el proyecto de agua potable para Mi Per\u00fa y distritos vecinos.<\/p><p>Al tomar conocimiento de esta situaci\u00f3n, la ministra Hania manifest\u00f3 su compromiso de que el proyecto N\u00b0 280 siga su curso. \u201cMe reun\u00ed con los alcaldes de Mi Per\u00fa y Ventanilla para asegurarles que, dentro del marco de la ley, har\u00e9 todo lo que est\u00e9 en mis manos para que este proyecto no se detenga. Comparto sus preocupaciones y por ello continuaremos trabajando de manera conjunta\u201d, expres\u00f3 la ministra.<\/p><\/div>\n\t\t\t\t<\/div>\n\t\t\t\t<\/div>\n\t\t\t\t\t\t<\/div>\n\t\t\t\t\t<\/div>\n\t\t<\/div>\n\t\t\t\t\t\t\t\t<\/div>\n\t\t\t\t\t<\/div>\n\t\t<\/section>\n\t\t\t\t<section class=\"elementor-section elementor-top-section elementor-element elementor-element-c2b2c3c elementor-section-boxed elementor-section-height-default elementor-section-height-default\" data-id=\"c2b2c3c\" data-element_type=\"section\">\n\t\t\t\t\t\t<div class=\"elementor-container elementor-column-gap-default\">\n\t\t\t\t\t\t\t<div class=\"elementor-row\">\n\t\t\t\t\t<div class=\"elementor-column elementor-col-50 elementor-top-column elementor-element elementor-element-9228033\" data-id=\"9228033\" data-element_type=\"column\">\n\t\t\t<div class=\"elementor-column-wrap elementor-element-populated\">\n\t\t\t\t\t\t\t<div class=\"elementor-widget-wrap\">\n\t\t\t\t\t\t<div class=\"elementor-element elementor-element-a6899bc elementor-widget elementor-widget-image\" data-id=\"a6899bc\" data-element_type=\"widget\" data-widget_type=\"image.default\">\n\t\t\t\t<div class=\"elementor-widget-container\">\n\t\t\t\t\t<div class=\"elementor-image\">\n\t\t\t\t\t\t\t\t\t\t<img loading=\"lazy\" decoding=\"async\" width=\"1024\" height=\"682\" src=\"https:\/\/munimiperu.gob.pe\/main\/wp-content\/uploads\/2024\/05\/PROYECTO-DE-AGUA-Y-DESAGUE-1-1024x682.jpeg\" class=\"attachment-large size-large\" alt=\"\" srcset=\"https:\/\/munimiperu.gob.pe\/main\/wp-content\/uploads\/2024\/05\/PROYECTO-DE-AGUA-Y-DESAGUE-1.jpeg 1024w, https:\/\/munimiperu.gob.pe\/main\/wp-content\/uploads\/2024\/05\/PROYECTO-DE-AGUA-Y-DESAGUE-1-300x200.jpeg 300w, https:\/\/munimiperu.gob.pe\/main\/wp-content\/uploads\/2024\/05\/PROYECTO-DE-AGUA-Y-DESAGUE-1-768x512.jpeg 768w, https:\/\/munimiperu.gob.pe\/main\/wp-content\/uploads\/2024\/05\/PROYECTO-DE-AGUA-Y-DESAGUE-1-1536x1023.jpeg 1536w\" sizes=\"auto, (max-width: 1024px) 100vw, 1024px\" \/>\t\t\t\t\t\t\t\t\t\t\t<\/div>\n\t\t\t\t<\/div>\n\t\t\t\t<\/div>\n\t\t\t\t\t\t<\/div>\n\t\t\t\t\t<\/div>\n\t\t<\/div>\n\t\t\t\t<div class=\"elementor-column elementor-col-50 elementor-top-column elementor-element elementor-element-d1088f0\" data-id=\"d1088f0\" data-element_type=\"column\">\n\t\t\t<div class=\"elementor-column-wrap elementor-element-populated\">\n\t\t\t\t\t\t\t<div class=\"elementor-widget-wrap\">\n\t\t\t\t\t\t<div class=\"elementor-element elementor-element-5d63c61 elementor-widget elementor-widget-image\" data-id=\"5d63c61\" data-element_type=\"widget\" data-widget_type=\"image.default\">\n\t\t\t\t<div class=\"elementor-widget-container\">\n\t\t\t\t\t<div class=\"elementor-image\">\n\t\t\t\t\t\t\t\t\t\t<img loading=\"lazy\" decoding=\"async\" width=\"1024\" height=\"683\" src=\"https:\/\/munimiperu.gob.pe\/main\/wp-content\/uploads\/2024\/05\/PROYECTO-DE-AGUA-Y-DESAGUE-2-1024x683.jpg\" class=\"attachment-large size-large\" alt=\"\" srcset=\"https:\/\/munimiperu.gob.pe\/main\/wp-content\/uploads\/2024\/05\/PROYECTO-DE-AGUA-Y-DESAGUE-2.jpg 1024w, https:\/\/munimiperu.gob.pe\/main\/wp-content\/uploads\/2024\/05\/PROYECTO-DE-AGUA-Y-DESAGUE-2-300x200.jpg 300w, https:\/\/munimiperu.gob.pe\/main\/wp-content\/uploads\/2024\/05\/PROYECTO-DE-AGUA-Y-DESAGUE-2-768x512.jpg 768w, https:\/\/munimiperu.gob.pe\/main\/wp-content\/uploads\/2024\/05\/PROYECTO-DE-AGUA-Y-DESAGUE-2-1536x1024.jpg 1536w\" sizes=\"auto, (max-width: 1024px) 100vw, 1024px\" \/>\t\t\t\t\t\t\t\t\t\t\t<\/div>\n\t\t\t\t<\/div>\n\t\t\t\t<\/div>\n\t\t\t\t\t\t<\/div>\n\t\t\t\t\t<\/div>\n\t\t<\/div>\n\t\t\t\t\t\t\t\t<\/div>\n\t\t\t\t\t<\/div>\n\t\t<\/section>\n\t\t\t\t<section class=\"elementor-section elementor-top-section elementor-element elementor-element-4a955ea elementor-section-boxed elementor-section-height-default elementor-section-height-default\" data-id=\"4a955ea\" data-element_type=\"section\">\n\t\t\t\t\t\t<div class=\"elementor-container elementor-column-gap-default\">\n\t\t\t\t\t\t\t<div class=\"elementor-row\">\n\t\t\t\t\t<div class=\"elementor-column elementor-col-100 elementor-top-column elementor-element elementor-element-636aba4\" data-id=\"636aba4\" data-element_type=\"column\">\n\t\t\t<div class=\"elementor-column-wrap elementor-element-populated\">\n\t\t\t\t\t\t\t<div class=\"elementor-widget-wrap\">\n\t\t\t\t\t\t<div class=\"elementor-element elementor-element-45e5a2d elementor-widget elementor-widget-text-editor\" data-id=\"45e5a2d\" data-element_type=\"widget\" data-widget_type=\"text-editor.default\">\n\t\t\t\t<div class=\"elementor-widget-container\">\n\t\t\t\t\t<div class=\"elementor-text-editor elementor-clearfix\"><p>En el encuentro tambi\u00e9n participaron el director del Programa Agua Segura para Lima y Callao (PASLC), Enrique Espinoza, el alcalde de Ventanilla y otros funcionarios del sector.<\/p><p>Como es de conocimiento p\u00fablico, el proyecto N\u00b0 280 beneficiar\u00e1 a m\u00e1s de 40 asentamientos humanos como Las Colinas, Confraternidad III, IV y V Etapa, 7 de Junio, Los Girasoles, Los Jazmines, Los Rosarios, Se\u00f1or de los Milagros, Santa Rosa-Mi Per\u00fa, Vista Alegre y Villa Escudero, entre otros, acceder\u00e1n a servicios b\u00e1sicos con esta obra.<\/p><\/div>\n\t\t\t\t<\/div>\n\t\t\t\t<\/div>\n\t\t\t\t\t\t<\/div>\n\t\t\t\t\t<\/div>\n\t\t<\/div>\n\t\t\t\t\t\t\t\t<\/div>\n\t\t\t\t\t<\/div>\n\t\t<\/section>\n\t\t\t\t<section class=\"elementor-section elementor-top-section elementor-element elementor-element-fa07f8a elementor-section-boxed elementor-section-height-default elementor-section-height-default\" data-id=\"fa07f8a\" data-element_type=\"section\">\n\t\t\t\t\t\t<div class=\"elementor-container elementor-column-gap-default\">\n\t\t\t\t\t\t\t<div class=\"elementor-row\">\n\t\t\t\t\t<div class=\"elementor-column elementor-col-33 elementor-top-column elementor-element elementor-element-c6d4e38\" data-id=\"c6d4e38\" data-element_type=\"column\">\n\t\t\t<div class=\"elementor-column-wrap elementor-element-populated\">\n\t\t\t\t\t\t\t<div class=\"elementor-widget-wrap\">\n\t\t\t\t\t\t<div class=\"elementor-element elementor-element-aef2d14 elementor-widget elementor-widget-image\" data-id=\"aef2d14\" data-element_type=\"widget\" data-widget_type=\"image.default\">\n\t\t\t\t<div class=\"elementor-widget-container\">\n\t\t\t\t\t<div class=\"elementor-image\">\n\t\t\t\t\t\t\t\t\t\t<img loading=\"lazy\" decoding=\"async\" width=\"1024\" height=\"575\" src=\"https:\/\/munimiperu.gob.pe\/main\/wp-content\/uploads\/2024\/05\/IMG_4625-1024x575.jpg\" class=\"attachment-large size-large\" alt=\"\" srcset=\"https:\/\/munimiperu.gob.pe\/main\/wp-content\/uploads\/2024\/05\/IMG_4625-scaled.jpg 1024w, https:\/\/munimiperu.gob.pe\/main\/wp-content\/uploads\/2024\/05\/IMG_4625-300x168.jpg 300w, https:\/\/munimiperu.gob.pe\/main\/wp-content\/uploads\/2024\/05\/IMG_4625-768x431.jpg 768w, https:\/\/munimiperu.gob.pe\/main\/wp-content\/uploads\/2024\/05\/IMG_4625-1536x862.jpg 1536w, https:\/\/munimiperu.gob.pe\/main\/wp-content\/uploads\/2024\/05\/IMG_4625-2048x1150.jpg 2048w\" sizes=\"auto, (max-width: 1024px) 100vw, 1024px\" \/>\t\t\t\t\t\t\t\t\t\t\t<\/div>\n\t\t\t\t<\/div>\n\t\t\t\t<\/div>\n\t\t\t\t\t\t<\/div>\n\t\t\t\t\t<\/div>\n\t\t<\/div>\n\t\t\t\t<div class=\"elementor-column elementor-col-33 elementor-top-column elementor-element elementor-element-3dfa3c0\" data-id=\"3dfa3c0\" data-element_type=\"column\">\n\t\t\t<div class=\"elementor-column-wrap elementor-element-populated\">\n\t\t\t\t\t\t\t<div class=\"elementor-widget-wrap\">\n\t\t\t\t\t\t<div class=\"elementor-element elementor-element-913a02f elementor-widget elementor-widget-image\" data-id=\"913a02f\" data-element_type=\"widget\" data-widget_type=\"image.default\">\n\t\t\t\t<div class=\"elementor-widget-container\">\n\t\t\t\t\t<div class=\"elementor-image\">\n\t\t\t\t\t\t\t\t\t\t<img loading=\"lazy\" decoding=\"async\" width=\"1024\" height=\"575\" src=\"https:\/\/munimiperu.gob.pe\/main\/wp-content\/uploads\/2024\/05\/IMG_4563-1024x575.jpg\" class=\"attachment-large size-large\" alt=\"\" srcset=\"https:\/\/munimiperu.gob.pe\/main\/wp-content\/uploads\/2024\/05\/IMG_4563-scaled.jpg 1024w, https:\/\/munimiperu.gob.pe\/main\/wp-content\/uploads\/2024\/05\/IMG_4563-300x168.jpg 300w, https:\/\/munimiperu.gob.pe\/main\/wp-content\/uploads\/2024\/05\/IMG_4563-768x431.jpg 768w, https:\/\/munimiperu.gob.pe\/main\/wp-content\/uploads\/2024\/05\/IMG_4563-1536x862.jpg 1536w, https:\/\/munimiperu.gob.pe\/main\/wp-content\/uploads\/2024\/05\/IMG_4563-2048x1150.jpg 2048w\" sizes=\"auto, (max-width: 1024px) 100vw, 1024px\" \/>\t\t\t\t\t\t\t\t\t\t\t<\/div>\n\t\t\t\t<\/div>\n\t\t\t\t<\/div>\n\t\t\t\t\t\t<\/div>\n\t\t\t\t\t<\/div>\n\t\t<\/div>\n\t\t\t\t<div class=\"elementor-column elementor-col-33 elementor-top-column elementor-element elementor-element-37bcf39\" data-id=\"37bcf39\" data-element_type=\"column\">\n\t\t\t<div class=\"elementor-column-wrap elementor-element-populated\">\n\t\t\t\t\t\t\t<div class=\"elementor-widget-wrap\">\n\t\t\t\t\t\t<div class=\"elementor-element elementor-element-dcccce1 elementor-widget elementor-widget-image\" data-id=\"dcccce1\" data-element_type=\"widget\" data-widget_type=\"image.default\">\n\t\t\t\t<div class=\"elementor-widget-container\">\n\t\t\t\t\t<div class=\"elementor-image\">\n\t\t\t\t\t\t\t\t\t\t<img loading=\"lazy\" decoding=\"async\" width=\"1024\" height=\"575\" src=\"https:\/\/munimiperu.gob.pe\/main\/wp-content\/uploads\/2024\/05\/IMG_4602-1024x575.jpg\" class=\"attachment-large size-large\" alt=\"\" srcset=\"https:\/\/munimiperu.gob.pe\/main\/wp-content\/uploads\/2024\/05\/IMG_4602-scaled.jpg 1024w, https:\/\/munimiperu.gob.pe\/main\/wp-content\/uploads\/2024\/05\/IMG_4602-300x168.jpg 300w, https:\/\/munimiperu.gob.pe\/main\/wp-content\/uploads\/2024\/05\/IMG_4602-768x431.jpg 768w, https:\/\/munimiperu.gob.pe\/main\/wp-content\/uploads\/2024\/05\/IMG_4602-1536x862.jpg 1536w, https:\/\/munimiperu.gob.pe\/main\/wp-content\/uploads\/2024\/05\/IMG_4602-2048x1150.jpg 2048w\" sizes=\"auto, (max-width: 1024px) 100vw, 1024px\" \/>\t\t\t\t\t\t\t\t\t\t\t<\/div>\n\t\t\t\t<\/div>\n\t\t\t\t<\/div>\n\t\t\t\t\t\t<\/div>\n\t\t\t\t\t<\/div>\n\t\t<\/div>\n\t\t\t\t\t\t\t\t<\/div>\n\t\t\t\t\t<\/div>\n\t\t<\/section>\n\t\t\t\t<section class=\"elementor-section elementor-top-section elementor-element elementor-element-67f9724 elementor-section-boxed elementor-section-height-default elementor-section-height-default\" data-id=\"67f9724\" data-element_type=\"section\">\n\t\t\t\t\t\t<div class=\"elementor-container elementor-column-gap-default\">\n\t\t\t\t\t\t\t<div class=\"elementor-row\">\n\t\t\t\t\t<div class=\"elementor-column elementor-col-100 elementor-top-column elementor-element elementor-element-52570ee\" data-id=\"52570ee\" data-element_type=\"column\">\n\t\t\t<div class=\"elementor-column-wrap elementor-element-populated\">\n\t\t\t\t\t\t\t<div class=\"elementor-widget-wrap\">\n\t\t\t\t\t\t<div class=\"elementor-element elementor-element-fc80319 elementor-widget elementor-widget-text-editor\" data-id=\"fc80319\" data-element_type=\"widget\" data-widget_type=\"text-editor.default\">\n\t\t\t\t<div class=\"elementor-widget-container\">\n\t\t\t\t\t<div class=\"elementor-text-editor elementor-clearfix\"><p>DE LA MANO CON NUESTROS DIRIGENTES<\/p><p>Ya por la noche, el alcalde de Mi Per\u00fa, se reuni\u00f3 con los secretarios generales de todos los asentamientos humanos, as\u00ed como casco urbano con la finalidad de concretar acciones urgentes frente a esta situaci\u00f3n.<\/p><\/div>\n\t\t\t\t<\/div>\n\t\t\t\t<\/div>\n\t\t\t\t\t\t<\/div>\n\t\t\t\t\t<\/div>\n\t\t<\/div>\n\t\t\t\t\t\t\t\t<\/div>\n\t\t\t\t\t<\/div>\n\t\t<\/section>\n\t\t\t\t\t\t<\/div>\n\t\t\t\t\t\t<\/div>\n\t\t\t\t\t<\/div>\n\t\t","protected":false},"excerpt":{"rendered":"<p>El alcalde distrital de Mi Per\u00fa, Irvin Ch\u00e1vez Le\u00f3n, en un marat\u00f3nico domingo se logr\u00f3 reunir con la titular del ministerio de vivienda, construcci\u00f3n y saneamiento, Hania P\u00e9rez de Cuellar con la finalidad de que dicha entidad garantice la continuidad del proyecto N\u00b0 280 que consiste en llevar agua potable y alcantarillado a todo el &hellip;<\/p>\n<p class=\"read-more\"> <a class=\"\" href=\"https:\/\/munimiperu.gob.pe\/main\/alcalde-irvin-chavez-logra-ante-ministerio-de-vivienda-que-se-garantice-proyecto-de-agua-y-desague\/\"> <span class=\"screen-reader-text\">ALCALDE IRVIN CH\u00c1VEZ LOGRA ANTE MINISTERIO DE VIVIENDA QUE SE GARANTICE PROYECTO DE AGUA Y DESAG\u00dcE<\/span> Leer m\u00e1s &raquo;<\/a><\/p>\n","protected":false},"author":1,"featured_media":17239,"comment_status":"closed","ping_status":"closed","sticky":false,"template":"","format":"standard","meta":{"_mi_skip_tracking":false,"site-sidebar-layout":"default","site-content-layout":"default","ast-main-header-display":"","ast-hfb-above-header-display":"","ast-hfb-below-header-display":"","ast-hfb-mobile-header-display":"","site-post-title":"","ast-breadcrumbs-content":"","ast-featured-img":"","footer-sml-layout":"","theme-transparent-header-meta":"","adv-header-id-meta":"","stick-header-meta":"","header-above-stick-meta":"","header-main-stick-meta":"","header-below-stick-meta":"","footnotes":""},"categories":[130,48],"tags":[],"class_list":["post-17236","post","type-post","status-publish","format-standard","has-post-thumbnail","hentry","category-noticias","category-noticias-destacadas"],"_links":{"self":[{"href":"https:\/\/munimiperu.gob.pe\/main\/wp-json\/wp\/v2\/posts\/17236","targetHints":{"allow":["GET"]}}],"collection":[{"href":"https:\/\/munimiperu.gob.pe\/main\/wp-json\/wp\/v2\/posts"}],"about":[{"href":"https:\/\/munimiperu.gob.pe\/main\/wp-json\/wp\/v2\/types\/post"}],"author":[{"embeddable":true,"href":"https:\/\/munimiperu.gob.pe\/main\/wp-json\/wp\/v2\/users\/1"}],"replies":[{"embeddable":true,"href":"https:\/\/munimiperu.gob.pe\/main\/wp-json\/wp\/v2\/comments?post=17236"}],"version-history":[{"count":12,"href":"https:\/\/munimiperu.gob.pe\/main\/wp-json\/wp\/v2\/posts\/17236\/revisions"}],"predecessor-version":[{"id":17255,"href":"https:\/\/munimiperu.gob.pe\/main\/wp-json\/wp\/v2\/posts\/17236\/revisions\/17255"}],"wp:featuredmedia":[{"embeddable":true,"href":"https:\/\/munimiperu.gob.pe\/main\/wp-json\/wp\/v2\/media\/17239"}],"wp:attachment":[{"href":"https:\/\/munimiperu.gob.pe\/main\/wp-json\/wp\/v2\/media?parent=17236"}],"wp:term":[{"taxonomy":"category","embeddable":true,"href":"https:\/\/munimiperu.gob.pe\/main\/wp-json\/wp\/v2\/categories?post=17236"},{"taxonomy":"post_tag","embeddable":true,"href":"https:\/\/munimiperu.gob.pe\/main\/wp-json\/wp\/v2\/tags?post=17236"}],"curies":[{"name":"wp","href":"https:\/\/api.w.org\/{rel}","templated":true}]}}