{"id":17290,"date":"2024-06-19T12:46:29","date_gmt":"2024-06-19T17:46:29","guid":{"rendered":"https:\/\/munimiperu.gob.pe\/main\/?p=17290"},"modified":"2024-10-04T09:16:58","modified_gmt":"2024-10-04T14:16:58","slug":"mision-de-las-naciones-unidas-entrega-importante-reconocimiento-para-mi-peru","status":"publish","type":"post","link":"https:\/\/munimiperu.gob.pe\/main\/mision-de-las-naciones-unidas-entrega-importante-reconocimiento-para-mi-peru\/","title":{"rendered":"MISI\u00d3N DE LAS NACIONES UNIDAS ENTREGA IMPORTANTE RECONOCIMIENTO PARA MI PER\u00da"},"content":{"rendered":"<p>El alcalde de Mi Per\u00fa, Irvin Ch\u00e1vez, recibi\u00f3 un importante reconocimiento por parte de la Organizaci\u00f3n de las Naciones Unidas (ONU) liderado por nuestra representante Blanca Mujica; la embajadora de buena voluntad de la ONU, Queen Mother Delois Blakely; la embajadora de paz global de ONU, Andriesse Bass; as\u00ed como la presidenta del Sistema Municipal del DIF de Tepeaca (M\u00e9xico), Abog. Rebeca S\u00e1nchez; delegaciones de Bolivia, M\u00e9xico y Rep\u00fablica Dominicana.<\/p>\n<p><img decoding=\"async\" width=\"1024\" height=\"683\" src=\"https:\/\/munimiperu.gob.pe\/main\/wp-content\/uploads\/2024\/06\/DSC_4927-1024x683.jpg\" alt=\"\" loading=\"lazy\" srcset=\"https:\/\/munimiperu.gob.pe\/main\/wp-content\/uploads\/2024\/06\/DSC_4927-scaled.jpg 1024w, https:\/\/munimiperu.gob.pe\/main\/wp-content\/uploads\/2024\/06\/DSC_4927-300x200.jpg 300w, https:\/\/munimiperu.gob.pe\/main\/wp-content\/uploads\/2024\/06\/DSC_4927-768x512.jpg 768w, https:\/\/munimiperu.gob.pe\/main\/wp-content\/uploads\/2024\/06\/DSC_4927-1536x1024.jpg 1536w, https:\/\/munimiperu.gob.pe\/main\/wp-content\/uploads\/2024\/06\/DSC_4927-2048x1365.jpg 2048w\" sizes=\"auto, (max-width: 1024px) 100vw, 1024px\"><br \/>\n<img decoding=\"async\" width=\"1024\" height=\"675\" src=\"https:\/\/munimiperu.gob.pe\/main\/wp-content\/uploads\/2024\/06\/DSC_4908-1024x675.jpg\" alt=\"\" loading=\"lazy\" srcset=\"https:\/\/munimiperu.gob.pe\/main\/wp-content\/uploads\/2024\/06\/DSC_4908-scaled.jpg 1024w, https:\/\/munimiperu.gob.pe\/main\/wp-content\/uploads\/2024\/06\/DSC_4908-300x198.jpg 300w, https:\/\/munimiperu.gob.pe\/main\/wp-content\/uploads\/2024\/06\/DSC_4908-768x506.jpg 768w, https:\/\/munimiperu.gob.pe\/main\/wp-content\/uploads\/2024\/06\/DSC_4908-1536x1012.jpg 1536w, https:\/\/munimiperu.gob.pe\/main\/wp-content\/uploads\/2024\/06\/DSC_4908-2048x1349.jpg 2048w\" sizes=\"auto, (max-width: 1024px) 100vw, 1024px\"><br \/>\n<img decoding=\"async\" width=\"1024\" height=\"683\" src=\"https:\/\/munimiperu.gob.pe\/main\/wp-content\/uploads\/2024\/06\/DSC_4815-1024x683.jpg\" alt=\"\" loading=\"lazy\" srcset=\"https:\/\/munimiperu.gob.pe\/main\/wp-content\/uploads\/2024\/06\/DSC_4815-scaled.jpg 1024w, https:\/\/munimiperu.gob.pe\/main\/wp-content\/uploads\/2024\/06\/DSC_4815-300x200.jpg 300w, https:\/\/munimiperu.gob.pe\/main\/wp-content\/uploads\/2024\/06\/DSC_4815-768x512.jpg 768w, https:\/\/munimiperu.gob.pe\/main\/wp-content\/uploads\/2024\/06\/DSC_4815-1536x1024.jpg 1536w, https:\/\/munimiperu.gob.pe\/main\/wp-content\/uploads\/2024\/06\/DSC_4815-2048x1365.jpg 2048w\" sizes=\"auto, (max-width: 1024px) 100vw, 1024px\"><br \/>\n<img decoding=\"async\" width=\"1024\" height=\"683\" src=\"https:\/\/munimiperu.gob.pe\/main\/wp-content\/uploads\/2024\/06\/DSC_4720-1024x683.jpg\" alt=\"\" loading=\"lazy\" srcset=\"https:\/\/munimiperu.gob.pe\/main\/wp-content\/uploads\/2024\/06\/DSC_4720-scaled.jpg 1024w, https:\/\/munimiperu.gob.pe\/main\/wp-content\/uploads\/2024\/06\/DSC_4720-300x200.jpg 300w, https:\/\/munimiperu.gob.pe\/main\/wp-content\/uploads\/2024\/06\/DSC_4720-768x512.jpg 768w, https:\/\/munimiperu.gob.pe\/main\/wp-content\/uploads\/2024\/06\/DSC_4720-1536x1024.jpg 1536w, https:\/\/munimiperu.gob.pe\/main\/wp-content\/uploads\/2024\/06\/DSC_4720-2048x1365.jpg 2048w\" sizes=\"auto, (max-width: 1024px) 100vw, 1024px\"><\/p>\n<p>\u201cQueremos agradecer la bienvenida de la misi\u00f3n de la comitiva de misi\u00f3n \u2013 ONU. Esperamos que esta sea la primera de muchas visitas y que Dios mediante nos permita seguir trabajando y contribuyendo con el pa\u00eds y el futuro de nuestros ni\u00f1os, as\u00ed como adolescentes. En Mi Per\u00fa, contamos con la \u00fanica sinf\u00f3nica municipal a nivel Callao, as\u00ed como elenco de danzas peruanas los cuales ascienden a m\u00e1s de doscientos ni\u00f1os. Con educaci\u00f3n, arte y cultura somos el distrito fortalece nuestra identidad como peruanos\u201d, inform\u00f3 el alcalde Irvin Ch\u00e1vez.<\/p>\n<p><img decoding=\"async\" width=\"1024\" height=\"683\" src=\"https:\/\/munimiperu.gob.pe\/main\/wp-content\/uploads\/2024\/06\/DSC_4875-1024x683.jpg\" alt=\"\" loading=\"lazy\" srcset=\"https:\/\/munimiperu.gob.pe\/main\/wp-content\/uploads\/2024\/06\/DSC_4875-scaled.jpg 1024w, https:\/\/munimiperu.gob.pe\/main\/wp-content\/uploads\/2024\/06\/DSC_4875-300x200.jpg 300w, https:\/\/munimiperu.gob.pe\/main\/wp-content\/uploads\/2024\/06\/DSC_4875-768x512.jpg 768w, https:\/\/munimiperu.gob.pe\/main\/wp-content\/uploads\/2024\/06\/DSC_4875-1536x1024.jpg 1536w, https:\/\/munimiperu.gob.pe\/main\/wp-content\/uploads\/2024\/06\/DSC_4875-2048x1365.jpg 2048w\" sizes=\"auto, (max-width: 1024px) 100vw, 1024px\"><br \/>\n<img decoding=\"async\" width=\"1024\" height=\"683\" src=\"https:\/\/munimiperu.gob.pe\/main\/wp-content\/uploads\/2024\/06\/DSC_4844-1024x683.jpg\" alt=\"\" loading=\"lazy\" srcset=\"https:\/\/munimiperu.gob.pe\/main\/wp-content\/uploads\/2024\/06\/DSC_4844-scaled.jpg 1024w, https:\/\/munimiperu.gob.pe\/main\/wp-content\/uploads\/2024\/06\/DSC_4844-300x200.jpg 300w, https:\/\/munimiperu.gob.pe\/main\/wp-content\/uploads\/2024\/06\/DSC_4844-768x512.jpg 768w, https:\/\/munimiperu.gob.pe\/main\/wp-content\/uploads\/2024\/06\/DSC_4844-1536x1024.jpg 1536w, https:\/\/munimiperu.gob.pe\/main\/wp-content\/uploads\/2024\/06\/DSC_4844-2048x1365.jpg 2048w\" sizes=\"auto, (max-width: 1024px) 100vw, 1024px\"><br \/>\n<img decoding=\"async\" width=\"1024\" height=\"683\" src=\"https:\/\/munimiperu.gob.pe\/main\/wp-content\/uploads\/2024\/06\/DSC_4951-1024x683.jpg\" alt=\"\" loading=\"lazy\" srcset=\"https:\/\/munimiperu.gob.pe\/main\/wp-content\/uploads\/2024\/06\/DSC_4951-scaled.jpg 1024w, https:\/\/munimiperu.gob.pe\/main\/wp-content\/uploads\/2024\/06\/DSC_4951-300x200.jpg 300w, https:\/\/munimiperu.gob.pe\/main\/wp-content\/uploads\/2024\/06\/DSC_4951-768x512.jpg 768w, https:\/\/munimiperu.gob.pe\/main\/wp-content\/uploads\/2024\/06\/DSC_4951-1536x1024.jpg 1536w, https:\/\/munimiperu.gob.pe\/main\/wp-content\/uploads\/2024\/06\/DSC_4951-2048x1365.jpg 2048w\" sizes=\"auto, (max-width: 1024px) 100vw, 1024px\"><\/p>\n<p>El acto protocolar se llev\u00f3 a cabo en el Centro de Educaci\u00f3n B\u00e1sico Especial (CEBE) \u201cSagrado Coraz\u00f3n\u201d liderados por su directora, Lic. Mar\u00eda Isabel Fuerte Cabrera, donde los alumnos realizaron una espectacular marinera siendo el gran atractivo de nuestras comunidades extranjeras. En esta ceremonia tambi\u00e9n particip\u00f3 el alumno Adriano Huasasquiche, pianista profesional y hoy estudiante del emblem\u00e1tico colegio de Mi Per\u00fa, Manuel Seoane Corrales.<\/p>\n<p>La ceremonia concluy\u00f3 con la visita al colegio de la ONG \u201cEstaci\u00f3n Esperanza\u201d, cuyo presidente es Carlos Bernales y donde adem\u00e1s de visitar sus instalaciones, se articularon esfuerzos en favor de la ni\u00f1ez y la adolescencia del distrito.<\/p>\n","protected":false},"excerpt":{"rendered":"<p>El alcalde de Mi Per\u00fa, Irvin Ch\u00e1vez, recibi\u00f3 un importante reconocimiento por parte de la Organizaci\u00f3n de las Naciones Unidas (ONU) liderado por nuestra representante Blanca Mujica; la embajadora de buena voluntad de la ONU, Queen Mother Delois Blakely; la embajadora de paz global de ONU, Andriesse Bass; as\u00ed como la presidenta del Sistema Municipal &hellip;<\/p>\n<p class=\"read-more\"> <a class=\"\" href=\"https:\/\/munimiperu.gob.pe\/main\/mision-de-las-naciones-unidas-entrega-importante-reconocimiento-para-mi-peru\/\"> <span class=\"screen-reader-text\">MISI\u00d3N DE LAS NACIONES UNIDAS ENTREGA IMPORTANTE RECONOCIMIENTO PARA MI PER\u00da<\/span> Leer m\u00e1s &raquo;<\/a><\/p>\n","protected":false},"author":1,"featured_media":17300,"comment_status":"closed","ping_status":"closed","sticky":false,"template":"","format":"standard","meta":{"_mi_skip_tracking":false,"site-sidebar-layout":"default","site-content-layout":"default","ast-main-header-display":"","ast-hfb-above-header-display":"","ast-hfb-below-header-display":"","ast-hfb-mobile-header-display":"","site-post-title":"","ast-breadcrumbs-content":"","ast-featured-img":"","footer-sml-layout":"","theme-transparent-header-meta":"","adv-header-id-meta":"","stick-header-meta":"","header-above-stick-meta":"","header-main-stick-meta":"","header-below-stick-meta":"","footnotes":""},"categories":[130,48],"tags":[],"class_list":["post-17290","post","type-post","status-publish","format-standard","has-post-thumbnail","hentry","category-noticias","category-noticias-destacadas"],"_links":{"self":[{"href":"https:\/\/munimiperu.gob.pe\/main\/wp-json\/wp\/v2\/posts\/17290","targetHints":{"allow":["GET"]}}],"collection":[{"href":"https:\/\/munimiperu.gob.pe\/main\/wp-json\/wp\/v2\/posts"}],"about":[{"href":"https:\/\/munimiperu.gob.pe\/main\/wp-json\/wp\/v2\/types\/post"}],"author":[{"embeddable":true,"href":"https:\/\/munimiperu.gob.pe\/main\/wp-json\/wp\/v2\/users\/1"}],"replies":[{"embeddable":true,"href":"https:\/\/munimiperu.gob.pe\/main\/wp-json\/wp\/v2\/comments?post=17290"}],"version-history":[{"count":4,"href":"https:\/\/munimiperu.gob.pe\/main\/wp-json\/wp\/v2\/posts\/17290\/revisions"}],"predecessor-version":[{"id":17304,"href":"https:\/\/munimiperu.gob.pe\/main\/wp-json\/wp\/v2\/posts\/17290\/revisions\/17304"}],"wp:featuredmedia":[{"embeddable":true,"href":"https:\/\/munimiperu.gob.pe\/main\/wp-json\/wp\/v2\/media\/17300"}],"wp:attachment":[{"href":"https:\/\/munimiperu.gob.pe\/main\/wp-json\/wp\/v2\/media?parent=17290"}],"wp:term":[{"taxonomy":"category","embeddable":true,"href":"https:\/\/munimiperu.gob.pe\/main\/wp-json\/wp\/v2\/categories?post=17290"},{"taxonomy":"post_tag","embeddable":true,"href":"https:\/\/munimiperu.gob.pe\/main\/wp-json\/wp\/v2\/tags?post=17290"}],"curies":[{"name":"wp","href":"https:\/\/api.w.org\/{rel}","templated":true}]}}