{"id":17323,"date":"2024-07-02T11:03:49","date_gmt":"2024-07-02T16:03:49","guid":{"rendered":"https:\/\/munimiperu.gob.pe\/main\/?p=17323"},"modified":"2024-07-02T12:42:25","modified_gmt":"2024-07-02T17:42:25","slug":"inauguramos-el-primer-mirador-de-mi-peru-en-a-h-jesus-nazareno-el-arenal","status":"publish","type":"post","link":"https:\/\/munimiperu.gob.pe\/main\/inauguramos-el-primer-mirador-de-mi-peru-en-a-h-jesus-nazareno-el-arenal\/","title":{"rendered":"INAUGURAMOS EL PRIMER MIRADOR DE MI PER\u00da EN A.H. JES\u00daS NAZARENO-EL ARENAL"},"content":{"rendered":"\t\t<div data-elementor-type=\"wp-post\" data-elementor-id=\"17323\" class=\"elementor elementor-17323\" data-elementor-settings=\"[]\">\n\t\t\t\t\t\t<div class=\"elementor-inner\">\n\t\t\t\t\t\t\t<div class=\"elementor-section-wrap\">\n\t\t\t\t\t\t\t<section class=\"elementor-section elementor-top-section elementor-element elementor-element-06fd015 elementor-section-boxed elementor-section-height-default elementor-section-height-default\" data-id=\"06fd015\" data-element_type=\"section\">\n\t\t\t\t\t\t<div class=\"elementor-container elementor-column-gap-default\">\n\t\t\t\t\t\t\t<div class=\"elementor-row\">\n\t\t\t\t\t<div class=\"elementor-column elementor-col-100 elementor-top-column elementor-element elementor-element-2b45c3b\" data-id=\"2b45c3b\" data-element_type=\"column\">\n\t\t\t<div class=\"elementor-column-wrap elementor-element-populated\">\n\t\t\t\t\t\t\t<div class=\"elementor-widget-wrap\">\n\t\t\t\t\t\t<div class=\"elementor-element elementor-element-5c2946e elementor-widget elementor-widget-text-editor\" data-id=\"5c2946e\" data-element_type=\"widget\" data-widget_type=\"text-editor.default\">\n\t\t\t\t<div class=\"elementor-widget-container\">\n\t\t\t\t\t<div class=\"elementor-text-editor elementor-clearfix\"><p class=\"MsoNormal\">Con la finalidad de impulsar espacios recreativos y fomentar el turismo en el distrito, el alcalde Irvin Ch\u00e1vez acompa\u00f1ado de su concejo municipal, inaugur\u00f3 el primer parque denominado &#8220;El Mirador&#8221; en el Asentamiento Humano Jes\u00fas Nazareno &#8211; El Arenal.<\/p><\/div>\n\t\t\t\t<\/div>\n\t\t\t\t<\/div>\n\t\t\t\t\t\t<\/div>\n\t\t\t\t\t<\/div>\n\t\t<\/div>\n\t\t\t\t\t\t\t\t<\/div>\n\t\t\t\t\t<\/div>\n\t\t<\/section>\n\t\t\t\t<section class=\"elementor-section elementor-top-section elementor-element elementor-element-c2b2c3c elementor-section-boxed elementor-section-height-default elementor-section-height-default\" data-id=\"c2b2c3c\" data-element_type=\"section\">\n\t\t\t\t\t\t<div class=\"elementor-container elementor-column-gap-default\">\n\t\t\t\t\t\t\t<div class=\"elementor-row\">\n\t\t\t\t\t<div class=\"elementor-column elementor-col-50 elementor-top-column elementor-element elementor-element-9228033\" data-id=\"9228033\" data-element_type=\"column\">\n\t\t\t<div class=\"elementor-column-wrap elementor-element-populated\">\n\t\t\t\t\t\t\t<div class=\"elementor-widget-wrap\">\n\t\t\t\t\t\t<div class=\"elementor-element elementor-element-a6899bc elementor-widget elementor-widget-image\" data-id=\"a6899bc\" data-element_type=\"widget\" data-widget_type=\"image.default\">\n\t\t\t\t<div class=\"elementor-widget-container\">\n\t\t\t\t\t<div class=\"elementor-image\">\n\t\t\t\t\t\t\t\t\t\t<img loading=\"lazy\" decoding=\"async\" width=\"1024\" height=\"683\" src=\"https:\/\/munimiperu.gob.pe\/main\/wp-content\/uploads\/2024\/07\/DSC_8191-1024x683.jpg\" class=\"attachment-large size-large\" alt=\"\" srcset=\"https:\/\/munimiperu.gob.pe\/main\/wp-content\/uploads\/2024\/07\/DSC_8191-scaled.jpg 1024w, https:\/\/munimiperu.gob.pe\/main\/wp-content\/uploads\/2024\/07\/DSC_8191-300x200.jpg 300w, https:\/\/munimiperu.gob.pe\/main\/wp-content\/uploads\/2024\/07\/DSC_8191-768x512.jpg 768w, https:\/\/munimiperu.gob.pe\/main\/wp-content\/uploads\/2024\/07\/DSC_8191-1536x1024.jpg 1536w, https:\/\/munimiperu.gob.pe\/main\/wp-content\/uploads\/2024\/07\/DSC_8191-2048x1365.jpg 2048w\" sizes=\"auto, (max-width: 1024px) 100vw, 1024px\" \/>\t\t\t\t\t\t\t\t\t\t\t<\/div>\n\t\t\t\t<\/div>\n\t\t\t\t<\/div>\n\t\t\t\t<div class=\"elementor-element elementor-element-1444002 elementor-widget elementor-widget-image\" data-id=\"1444002\" data-element_type=\"widget\" data-widget_type=\"image.default\">\n\t\t\t\t<div class=\"elementor-widget-container\">\n\t\t\t\t\t<div class=\"elementor-image\">\n\t\t\t\t\t\t\t\t\t\t<img loading=\"lazy\" decoding=\"async\" width=\"1024\" height=\"575\" src=\"https:\/\/munimiperu.gob.pe\/main\/wp-content\/uploads\/2024\/07\/IMG_0197-1024x575.jpg\" class=\"attachment-large size-large\" alt=\"\" srcset=\"https:\/\/munimiperu.gob.pe\/main\/wp-content\/uploads\/2024\/07\/IMG_0197-scaled.jpg 1024w, https:\/\/munimiperu.gob.pe\/main\/wp-content\/uploads\/2024\/07\/IMG_0197-300x168.jpg 300w, https:\/\/munimiperu.gob.pe\/main\/wp-content\/uploads\/2024\/07\/IMG_0197-768x431.jpg 768w, https:\/\/munimiperu.gob.pe\/main\/wp-content\/uploads\/2024\/07\/IMG_0197-1536x862.jpg 1536w, https:\/\/munimiperu.gob.pe\/main\/wp-content\/uploads\/2024\/07\/IMG_0197-2048x1150.jpg 2048w\" sizes=\"auto, (max-width: 1024px) 100vw, 1024px\" \/>\t\t\t\t\t\t\t\t\t\t\t<\/div>\n\t\t\t\t<\/div>\n\t\t\t\t<\/div>\n\t\t\t\t\t\t<\/div>\n\t\t\t\t\t<\/div>\n\t\t<\/div>\n\t\t\t\t<div class=\"elementor-column elementor-col-50 elementor-top-column elementor-element elementor-element-d1088f0\" data-id=\"d1088f0\" data-element_type=\"column\">\n\t\t\t<div class=\"elementor-column-wrap elementor-element-populated\">\n\t\t\t\t\t\t\t<div class=\"elementor-widget-wrap\">\n\t\t\t\t\t\t<div class=\"elementor-element elementor-element-5d63c61 elementor-widget elementor-widget-image\" data-id=\"5d63c61\" data-element_type=\"widget\" data-widget_type=\"image.default\">\n\t\t\t\t<div class=\"elementor-widget-container\">\n\t\t\t\t\t<div class=\"elementor-image\">\n\t\t\t\t\t\t\t\t\t\t<img loading=\"lazy\" decoding=\"async\" width=\"1024\" height=\"683\" src=\"https:\/\/munimiperu.gob.pe\/main\/wp-content\/uploads\/2024\/07\/DSC_8154-1024x683.jpg\" class=\"attachment-large size-large\" alt=\"\" srcset=\"https:\/\/munimiperu.gob.pe\/main\/wp-content\/uploads\/2024\/07\/DSC_8154-scaled.jpg 1024w, https:\/\/munimiperu.gob.pe\/main\/wp-content\/uploads\/2024\/07\/DSC_8154-300x200.jpg 300w, https:\/\/munimiperu.gob.pe\/main\/wp-content\/uploads\/2024\/07\/DSC_8154-768x512.jpg 768w, https:\/\/munimiperu.gob.pe\/main\/wp-content\/uploads\/2024\/07\/DSC_8154-1536x1024.jpg 1536w, https:\/\/munimiperu.gob.pe\/main\/wp-content\/uploads\/2024\/07\/DSC_8154-2048x1365.jpg 2048w\" sizes=\"auto, (max-width: 1024px) 100vw, 1024px\" \/>\t\t\t\t\t\t\t\t\t\t\t<\/div>\n\t\t\t\t<\/div>\n\t\t\t\t<\/div>\n\t\t\t\t<div class=\"elementor-element elementor-element-32f0226 elementor-widget elementor-widget-image\" data-id=\"32f0226\" data-element_type=\"widget\" data-widget_type=\"image.default\">\n\t\t\t\t<div class=\"elementor-widget-container\">\n\t\t\t\t\t<div class=\"elementor-image\">\n\t\t\t\t\t\t\t\t\t\t<img loading=\"lazy\" decoding=\"async\" width=\"1024\" height=\"575\" src=\"https:\/\/munimiperu.gob.pe\/main\/wp-content\/uploads\/2024\/07\/IMG_0200-1024x575.jpg\" class=\"attachment-large size-large\" alt=\"\" srcset=\"https:\/\/munimiperu.gob.pe\/main\/wp-content\/uploads\/2024\/07\/IMG_0200-scaled.jpg 1024w, https:\/\/munimiperu.gob.pe\/main\/wp-content\/uploads\/2024\/07\/IMG_0200-300x168.jpg 300w, https:\/\/munimiperu.gob.pe\/main\/wp-content\/uploads\/2024\/07\/IMG_0200-768x431.jpg 768w, https:\/\/munimiperu.gob.pe\/main\/wp-content\/uploads\/2024\/07\/IMG_0200-1536x862.jpg 1536w, https:\/\/munimiperu.gob.pe\/main\/wp-content\/uploads\/2024\/07\/IMG_0200-2048x1150.jpg 2048w\" sizes=\"auto, (max-width: 1024px) 100vw, 1024px\" \/>\t\t\t\t\t\t\t\t\t\t\t<\/div>\n\t\t\t\t<\/div>\n\t\t\t\t<\/div>\n\t\t\t\t\t\t<\/div>\n\t\t\t\t\t<\/div>\n\t\t<\/div>\n\t\t\t\t\t\t\t\t<\/div>\n\t\t\t\t\t<\/div>\n\t\t<\/section>\n\t\t\t\t<section class=\"elementor-section elementor-top-section elementor-element elementor-element-4a955ea elementor-section-boxed elementor-section-height-default elementor-section-height-default\" data-id=\"4a955ea\" data-element_type=\"section\">\n\t\t\t\t\t\t<div class=\"elementor-container elementor-column-gap-default\">\n\t\t\t\t\t\t\t<div class=\"elementor-row\">\n\t\t\t\t\t<div class=\"elementor-column elementor-col-100 elementor-top-column elementor-element elementor-element-636aba4\" data-id=\"636aba4\" data-element_type=\"column\">\n\t\t\t<div class=\"elementor-column-wrap elementor-element-populated\">\n\t\t\t\t\t\t\t<div class=\"elementor-widget-wrap\">\n\t\t\t\t\t\t<div class=\"elementor-element elementor-element-45e5a2d elementor-widget elementor-widget-text-editor\" data-id=\"45e5a2d\" data-element_type=\"widget\" data-widget_type=\"text-editor.default\">\n\t\t\t\t<div class=\"elementor-widget-container\">\n\t\t\t\t\t<div class=\"elementor-text-editor elementor-clearfix\"><p class=\"MsoNormal\">A su turno, el Dr. Irvin Ch\u00e1vez, alcalde de Mi Per\u00fa, indic\u00f3 que este es el parque m\u00e1s grande que tiene el distrito; adem\u00e1s que fue construido pensando en los ni\u00f1os y personas de la tercera edad, personas con discapacidad. Gracias a nuestro gobernador regional del Callao, Dr. Ciro Castillo-Rojo Salas.<\/p><\/div>\n\t\t\t\t<\/div>\n\t\t\t\t<\/div>\n\t\t\t\t\t\t<\/div>\n\t\t\t\t\t<\/div>\n\t\t<\/div>\n\t\t\t\t\t\t\t\t<\/div>\n\t\t\t\t\t<\/div>\n\t\t<\/section>\n\t\t\t\t<section class=\"elementor-section elementor-top-section elementor-element elementor-element-fa07f8a elementor-section-boxed elementor-section-height-default elementor-section-height-default\" data-id=\"fa07f8a\" data-element_type=\"section\">\n\t\t\t\t\t\t<div class=\"elementor-container elementor-column-gap-default\">\n\t\t\t\t\t\t\t<div class=\"elementor-row\">\n\t\t\t\t\t<div class=\"elementor-column elementor-col-33 elementor-top-column elementor-element elementor-element-c6d4e38\" data-id=\"c6d4e38\" data-element_type=\"column\">\n\t\t\t<div class=\"elementor-column-wrap elementor-element-populated\">\n\t\t\t\t\t\t\t<div class=\"elementor-widget-wrap\">\n\t\t\t\t\t\t<div class=\"elementor-element elementor-element-aef2d14 elementor-widget elementor-widget-image\" data-id=\"aef2d14\" data-element_type=\"widget\" data-widget_type=\"image.default\">\n\t\t\t\t<div class=\"elementor-widget-container\">\n\t\t\t\t\t<div class=\"elementor-image\">\n\t\t\t\t\t\t\t\t\t\t<img loading=\"lazy\" decoding=\"async\" width=\"1024\" height=\"683\" src=\"https:\/\/munimiperu.gob.pe\/main\/wp-content\/uploads\/2024\/07\/DSC_8397-1024x683.jpg\" class=\"attachment-large size-large\" alt=\"\" srcset=\"https:\/\/munimiperu.gob.pe\/main\/wp-content\/uploads\/2024\/07\/DSC_8397-scaled.jpg 1024w, https:\/\/munimiperu.gob.pe\/main\/wp-content\/uploads\/2024\/07\/DSC_8397-300x200.jpg 300w, https:\/\/munimiperu.gob.pe\/main\/wp-content\/uploads\/2024\/07\/DSC_8397-768x512.jpg 768w, https:\/\/munimiperu.gob.pe\/main\/wp-content\/uploads\/2024\/07\/DSC_8397-1536x1024.jpg 1536w, https:\/\/munimiperu.gob.pe\/main\/wp-content\/uploads\/2024\/07\/DSC_8397-2048x1365.jpg 2048w\" sizes=\"auto, (max-width: 1024px) 100vw, 1024px\" \/>\t\t\t\t\t\t\t\t\t\t\t<\/div>\n\t\t\t\t<\/div>\n\t\t\t\t<\/div>\n\t\t\t\t\t\t<\/div>\n\t\t\t\t\t<\/div>\n\t\t<\/div>\n\t\t\t\t<div class=\"elementor-column elementor-col-33 elementor-top-column elementor-element elementor-element-3dfa3c0\" data-id=\"3dfa3c0\" data-element_type=\"column\">\n\t\t\t<div class=\"elementor-column-wrap elementor-element-populated\">\n\t\t\t\t\t\t\t<div class=\"elementor-widget-wrap\">\n\t\t\t\t\t\t<div class=\"elementor-element elementor-element-913a02f elementor-widget elementor-widget-image\" data-id=\"913a02f\" data-element_type=\"widget\" data-widget_type=\"image.default\">\n\t\t\t\t<div class=\"elementor-widget-container\">\n\t\t\t\t\t<div class=\"elementor-image\">\n\t\t\t\t\t\t\t\t\t\t<img loading=\"lazy\" decoding=\"async\" width=\"1024\" height=\"749\" src=\"https:\/\/munimiperu.gob.pe\/main\/wp-content\/uploads\/2024\/07\/DSC_8164-1024x749.jpg\" class=\"attachment-large size-large\" alt=\"\" srcset=\"https:\/\/munimiperu.gob.pe\/main\/wp-content\/uploads\/2024\/07\/DSC_8164-scaled.jpg 1024w, https:\/\/munimiperu.gob.pe\/main\/wp-content\/uploads\/2024\/07\/DSC_8164-300x219.jpg 300w, https:\/\/munimiperu.gob.pe\/main\/wp-content\/uploads\/2024\/07\/DSC_8164-768x562.jpg 768w, https:\/\/munimiperu.gob.pe\/main\/wp-content\/uploads\/2024\/07\/DSC_8164-1536x1123.jpg 1536w, https:\/\/munimiperu.gob.pe\/main\/wp-content\/uploads\/2024\/07\/DSC_8164-2048x1497.jpg 2048w\" sizes=\"auto, (max-width: 1024px) 100vw, 1024px\" \/>\t\t\t\t\t\t\t\t\t\t\t<\/div>\n\t\t\t\t<\/div>\n\t\t\t\t<\/div>\n\t\t\t\t\t\t<\/div>\n\t\t\t\t\t<\/div>\n\t\t<\/div>\n\t\t\t\t<div class=\"elementor-column elementor-col-33 elementor-top-column elementor-element elementor-element-37bcf39\" data-id=\"37bcf39\" data-element_type=\"column\">\n\t\t\t<div class=\"elementor-column-wrap elementor-element-populated\">\n\t\t\t\t\t\t\t<div class=\"elementor-widget-wrap\">\n\t\t\t\t\t\t<div class=\"elementor-element elementor-element-dcccce1 elementor-widget elementor-widget-image\" data-id=\"dcccce1\" data-element_type=\"widget\" data-widget_type=\"image.default\">\n\t\t\t\t<div class=\"elementor-widget-container\">\n\t\t\t\t\t<div class=\"elementor-image\">\n\t\t\t\t\t\t\t\t\t\t<img loading=\"lazy\" decoding=\"async\" width=\"1024\" height=\"683\" src=\"https:\/\/munimiperu.gob.pe\/main\/wp-content\/uploads\/2024\/07\/DSC_8369-1024x683.jpg\" class=\"attachment-large size-large\" alt=\"\" srcset=\"https:\/\/munimiperu.gob.pe\/main\/wp-content\/uploads\/2024\/07\/DSC_8369-scaled.jpg 1024w, https:\/\/munimiperu.gob.pe\/main\/wp-content\/uploads\/2024\/07\/DSC_8369-300x200.jpg 300w, https:\/\/munimiperu.gob.pe\/main\/wp-content\/uploads\/2024\/07\/DSC_8369-768x512.jpg 768w, https:\/\/munimiperu.gob.pe\/main\/wp-content\/uploads\/2024\/07\/DSC_8369-1536x1024.jpg 1536w, https:\/\/munimiperu.gob.pe\/main\/wp-content\/uploads\/2024\/07\/DSC_8369-2048x1365.jpg 2048w\" sizes=\"auto, (max-width: 1024px) 100vw, 1024px\" \/>\t\t\t\t\t\t\t\t\t\t\t<\/div>\n\t\t\t\t<\/div>\n\t\t\t\t<\/div>\n\t\t\t\t\t\t<\/div>\n\t\t\t\t\t<\/div>\n\t\t<\/div>\n\t\t\t\t\t\t\t\t<\/div>\n\t\t\t\t\t<\/div>\n\t\t<\/section>\n\t\t\t\t<section class=\"elementor-section elementor-top-section elementor-element elementor-element-67f9724 elementor-section-boxed elementor-section-height-default elementor-section-height-default\" data-id=\"67f9724\" data-element_type=\"section\">\n\t\t\t\t\t\t<div class=\"elementor-container elementor-column-gap-default\">\n\t\t\t\t\t\t\t<div class=\"elementor-row\">\n\t\t\t\t\t<div class=\"elementor-column elementor-col-100 elementor-top-column elementor-element elementor-element-52570ee\" data-id=\"52570ee\" data-element_type=\"column\">\n\t\t\t<div class=\"elementor-column-wrap elementor-element-populated\">\n\t\t\t\t\t\t\t<div class=\"elementor-widget-wrap\">\n\t\t\t\t\t\t<div class=\"elementor-element elementor-element-fc80319 elementor-widget elementor-widget-text-editor\" data-id=\"fc80319\" data-element_type=\"widget\" data-widget_type=\"text-editor.default\">\n\t\t\t\t<div class=\"elementor-widget-container\">\n\t\t\t\t\t<div class=\"elementor-text-editor elementor-clearfix\"><p>Y es que, la obra fue construida en un \u00e1rea de m\u00e1s de 4 mil metros cuadrados y cuenta con un mirador tur\u00edstico, auditorio para eventos culturales, zona de juegos para ni\u00f1os, gimnasio al aire libre, arco de colores y con una excelente iluminaci\u00f3n led para mayor seguridad.<\/p><p>\u00a0<\/p><p class=\"MsoNormal\">El acto protocolar se llev\u00f3 a cabo en compa\u00f1\u00eda de la junta directiva del A.H. Jes\u00fas Nazareno &#8211; El Arenal, adem\u00e1s del concejo municipal y el consejero regional por Mi Per\u00fa, Juan Amaya.<\/p><\/div>\n\t\t\t\t<\/div>\n\t\t\t\t<\/div>\n\t\t\t\t\t\t<\/div>\n\t\t\t\t\t<\/div>\n\t\t<\/div>\n\t\t\t\t\t\t\t\t<\/div>\n\t\t\t\t\t<\/div>\n\t\t<\/section>\n\t\t\t\t\t\t<\/div>\n\t\t\t\t\t\t<\/div>\n\t\t\t\t\t<\/div>\n\t\t","protected":false},"excerpt":{"rendered":"<p>Con la finalidad de impulsar espacios recreativos y fomentar el turismo en el distrito, el alcalde Irvin Ch\u00e1vez acompa\u00f1ado de su concejo municipal, inaugur\u00f3 el primer parque denominado &#8220;El Mirador&#8221; en el Asentamiento Humano Jes\u00fas Nazareno &#8211; El Arenal. A su turno, el Dr. Irvin Ch\u00e1vez, alcalde de Mi Per\u00fa, indic\u00f3 que este es el &hellip;<\/p>\n<p class=\"read-more\"> <a class=\"\" href=\"https:\/\/munimiperu.gob.pe\/main\/inauguramos-el-primer-mirador-de-mi-peru-en-a-h-jesus-nazareno-el-arenal\/\"> <span class=\"screen-reader-text\">INAUGURAMOS EL PRIMER MIRADOR DE MI PER\u00da EN A.H. JES\u00daS NAZARENO-EL ARENAL<\/span> Leer m\u00e1s &raquo;<\/a><\/p>\n","protected":false},"author":1,"featured_media":17330,"comment_status":"closed","ping_status":"closed","sticky":false,"template":"","format":"standard","meta":{"_mi_skip_tracking":false,"site-sidebar-layout":"default","site-content-layout":"default","ast-main-header-display":"","ast-hfb-above-header-display":"","ast-hfb-below-header-display":"","ast-hfb-mobile-header-display":"","site-post-title":"","ast-breadcrumbs-content":"","ast-featured-img":"","footer-sml-layout":"","theme-transparent-header-meta":"","adv-header-id-meta":"","stick-header-meta":"","header-above-stick-meta":"","header-main-stick-meta":"","header-below-stick-meta":"","footnotes":""},"categories":[130,48],"tags":[],"class_list":["post-17323","post","type-post","status-publish","format-standard","has-post-thumbnail","hentry","category-noticias","category-noticias-destacadas"],"_links":{"self":[{"href":"https:\/\/munimiperu.gob.pe\/main\/wp-json\/wp\/v2\/posts\/17323","targetHints":{"allow":["GET"]}}],"collection":[{"href":"https:\/\/munimiperu.gob.pe\/main\/wp-json\/wp\/v2\/posts"}],"about":[{"href":"https:\/\/munimiperu.gob.pe\/main\/wp-json\/wp\/v2\/types\/post"}],"author":[{"embeddable":true,"href":"https:\/\/munimiperu.gob.pe\/main\/wp-json\/wp\/v2\/users\/1"}],"replies":[{"embeddable":true,"href":"https:\/\/munimiperu.gob.pe\/main\/wp-json\/wp\/v2\/comments?post=17323"}],"version-history":[{"count":5,"href":"https:\/\/munimiperu.gob.pe\/main\/wp-json\/wp\/v2\/posts\/17323\/revisions"}],"predecessor-version":[{"id":17337,"href":"https:\/\/munimiperu.gob.pe\/main\/wp-json\/wp\/v2\/posts\/17323\/revisions\/17337"}],"wp:featuredmedia":[{"embeddable":true,"href":"https:\/\/munimiperu.gob.pe\/main\/wp-json\/wp\/v2\/media\/17330"}],"wp:attachment":[{"href":"https:\/\/munimiperu.gob.pe\/main\/wp-json\/wp\/v2\/media?parent=17323"}],"wp:term":[{"taxonomy":"category","embeddable":true,"href":"https:\/\/munimiperu.gob.pe\/main\/wp-json\/wp\/v2\/categories?post=17323"},{"taxonomy":"post_tag","embeddable":true,"href":"https:\/\/munimiperu.gob.pe\/main\/wp-json\/wp\/v2\/tags?post=17323"}],"curies":[{"name":"wp","href":"https:\/\/api.w.org\/{rel}","templated":true}]}}