{"id":17376,"date":"2024-07-15T10:36:58","date_gmt":"2024-07-15T15:36:58","guid":{"rendered":"https:\/\/munimiperu.gob.pe\/main\/?p=17376"},"modified":"2024-10-04T09:17:23","modified_gmt":"2024-10-04T14:17:23","slug":"mi-peru-continua-con-el-empadronamiento-masivo-en-aahh","status":"publish","type":"post","link":"https:\/\/munimiperu.gob.pe\/main\/mi-peru-continua-con-el-empadronamiento-masivo-en-aahh\/","title":{"rendered":"MI PER\u00da CONTIN\u00daA CON EL EMPADRONAMIENTO MASIVO EN AAHH"},"content":{"rendered":"\t\t<div data-elementor-type=\"wp-post\" data-elementor-id=\"17376\" class=\"elementor elementor-17376\" data-elementor-settings=\"[]\">\n\t\t\t\t\t\t<div class=\"elementor-inner\">\n\t\t\t\t\t\t\t<div class=\"elementor-section-wrap\">\n\t\t\t\t\t\t\t<section class=\"elementor-section elementor-top-section elementor-element elementor-element-06fd015 elementor-section-boxed elementor-section-height-default elementor-section-height-default\" data-id=\"06fd015\" data-element_type=\"section\">\n\t\t\t\t\t\t<div class=\"elementor-container elementor-column-gap-default\">\n\t\t\t\t\t\t\t<div class=\"elementor-row\">\n\t\t\t\t\t<div class=\"elementor-column elementor-col-100 elementor-top-column elementor-element elementor-element-2b45c3b\" data-id=\"2b45c3b\" data-element_type=\"column\">\n\t\t\t<div class=\"elementor-column-wrap elementor-element-populated\">\n\t\t\t\t\t\t\t<div class=\"elementor-widget-wrap\">\n\t\t\t\t\t\t<div class=\"elementor-element elementor-element-5c2946e elementor-widget elementor-widget-text-editor\" data-id=\"5c2946e\" data-element_type=\"widget\" data-widget_type=\"text-editor.default\">\n\t\t\t\t<div class=\"elementor-widget-container\">\n\t\t\t\t\t<div class=\"elementor-text-editor elementor-clearfix\"><p class=\"MsoNormal\">Con la finalidad de impulsar espacios recreativos y fomentar el turismo en el distrito, el alcalde Irvin Ch\u00e1vez acompa\u00f1ado de su concejo municipal, inaugur\u00f3 el primer parque denominado &#8220;El Mirador&#8221; en el Asentamiento Humano Jes\u00fas Nazareno &#8211; El Arenal.<\/p><\/div>\n\t\t\t\t<\/div>\n\t\t\t\t<\/div>\n\t\t\t\t\t\t<\/div>\n\t\t\t\t\t<\/div>\n\t\t<\/div>\n\t\t\t\t\t\t\t\t<\/div>\n\t\t\t\t\t<\/div>\n\t\t<\/section>\n\t\t\t\t<section class=\"elementor-section elementor-top-section elementor-element elementor-element-4a955ea elementor-section-boxed elementor-section-height-default elementor-section-height-default\" data-id=\"4a955ea\" data-element_type=\"section\">\n\t\t\t\t\t\t<div class=\"elementor-container elementor-column-gap-default\">\n\t\t\t\t\t\t\t<div class=\"elementor-row\">\n\t\t\t\t\t<div class=\"elementor-column elementor-col-100 elementor-top-column elementor-element elementor-element-636aba4\" data-id=\"636aba4\" data-element_type=\"column\">\n\t\t\t<div class=\"elementor-column-wrap elementor-element-populated\">\n\t\t\t\t\t\t\t<div class=\"elementor-widget-wrap\">\n\t\t\t\t\t\t<div class=\"elementor-element elementor-element-45e5a2d elementor-widget elementor-widget-text-editor\" data-id=\"45e5a2d\" data-element_type=\"widget\" data-widget_type=\"text-editor.default\">\n\t\t\t\t<div class=\"elementor-widget-container\">\n\t\t\t\t\t<div class=\"elementor-text-editor elementor-clearfix\"><p>El equipo de empadronadores realiz\u00f3 la jornada en los asentamientos humanos Confraternidad, 07 de junio, Virgen de Guadalupe, Jade Vega, Los Portales, Villa del Mar, Chavinillo, El Arenal, Villa Escudero, Villa Emilia e Israel es el Maestro y los sectores de casco urbano.<\/p><\/div>\n\t\t\t\t<\/div>\n\t\t\t\t<\/div>\n\t\t\t\t\t\t<\/div>\n\t\t\t\t\t<\/div>\n\t\t<\/div>\n\t\t\t\t\t\t\t\t<\/div>\n\t\t\t\t\t<\/div>\n\t\t<\/section>\n\t\t\t\t<section class=\"elementor-section elementor-top-section elementor-element elementor-element-fa07f8a elementor-section-boxed elementor-section-height-default elementor-section-height-default\" data-id=\"fa07f8a\" data-element_type=\"section\">\n\t\t\t\t\t\t<div class=\"elementor-container elementor-column-gap-default\">\n\t\t\t\t\t\t\t<div class=\"elementor-row\">\n\t\t\t\t\t<div class=\"elementor-column elementor-col-33 elementor-top-column elementor-element elementor-element-c6d4e38\" data-id=\"c6d4e38\" data-element_type=\"column\">\n\t\t\t<div class=\"elementor-column-wrap elementor-element-populated\">\n\t\t\t\t\t\t\t<div class=\"elementor-widget-wrap\">\n\t\t\t\t\t\t<div class=\"elementor-element elementor-element-aef2d14 elementor-widget elementor-widget-image\" data-id=\"aef2d14\" data-element_type=\"widget\" data-widget_type=\"image.default\">\n\t\t\t\t<div class=\"elementor-widget-container\">\n\t\t\t\t\t<div class=\"elementor-image\">\n\t\t\t\t\t\t\t\t\t\t<img loading=\"lazy\" decoding=\"async\" width=\"1024\" height=\"625\" src=\"https:\/\/munimiperu.gob.pe\/main\/wp-content\/uploads\/2024\/07\/EMPADRONAMIENTO-MASIVO-2-1024x625.jpg\" class=\"attachment-large size-large\" alt=\"\" srcset=\"https:\/\/munimiperu.gob.pe\/main\/wp-content\/uploads\/2024\/07\/EMPADRONAMIENTO-MASIVO-2-scaled.jpg 1024w, https:\/\/munimiperu.gob.pe\/main\/wp-content\/uploads\/2024\/07\/EMPADRONAMIENTO-MASIVO-2-300x183.jpg 300w, https:\/\/munimiperu.gob.pe\/main\/wp-content\/uploads\/2024\/07\/EMPADRONAMIENTO-MASIVO-2-768x469.jpg 768w, https:\/\/munimiperu.gob.pe\/main\/wp-content\/uploads\/2024\/07\/EMPADRONAMIENTO-MASIVO-2-1536x938.jpg 1536w, https:\/\/munimiperu.gob.pe\/main\/wp-content\/uploads\/2024\/07\/EMPADRONAMIENTO-MASIVO-2-2048x1251.jpg 2048w\" sizes=\"auto, (max-width: 1024px) 100vw, 1024px\" \/>\t\t\t\t\t\t\t\t\t\t\t<\/div>\n\t\t\t\t<\/div>\n\t\t\t\t<\/div>\n\t\t\t\t\t\t<\/div>\n\t\t\t\t\t<\/div>\n\t\t<\/div>\n\t\t\t\t<div class=\"elementor-column elementor-col-33 elementor-top-column elementor-element elementor-element-3dfa3c0\" data-id=\"3dfa3c0\" data-element_type=\"column\">\n\t\t\t<div class=\"elementor-column-wrap elementor-element-populated\">\n\t\t\t\t\t\t\t<div class=\"elementor-widget-wrap\">\n\t\t\t\t\t\t<div class=\"elementor-element elementor-element-913a02f elementor-widget elementor-widget-image\" data-id=\"913a02f\" data-element_type=\"widget\" data-widget_type=\"image.default\">\n\t\t\t\t<div class=\"elementor-widget-container\">\n\t\t\t\t\t<div class=\"elementor-image\">\n\t\t\t\t\t\t\t\t\t\t<img loading=\"lazy\" decoding=\"async\" width=\"1024\" height=\"612\" src=\"https:\/\/munimiperu.gob.pe\/main\/wp-content\/uploads\/2024\/07\/EMPADRONAMIENTO-MASIVO-CENTRAL-1024x612.jpg\" class=\"attachment-large size-large\" alt=\"\" srcset=\"https:\/\/munimiperu.gob.pe\/main\/wp-content\/uploads\/2024\/07\/EMPADRONAMIENTO-MASIVO-CENTRAL.jpg 1024w, https:\/\/munimiperu.gob.pe\/main\/wp-content\/uploads\/2024\/07\/EMPADRONAMIENTO-MASIVO-CENTRAL-300x179.jpg 300w, https:\/\/munimiperu.gob.pe\/main\/wp-content\/uploads\/2024\/07\/EMPADRONAMIENTO-MASIVO-CENTRAL-768x459.jpg 768w\" sizes=\"auto, (max-width: 1024px) 100vw, 1024px\" \/>\t\t\t\t\t\t\t\t\t\t\t<\/div>\n\t\t\t\t<\/div>\n\t\t\t\t<\/div>\n\t\t\t\t\t\t<\/div>\n\t\t\t\t\t<\/div>\n\t\t<\/div>\n\t\t\t\t<div class=\"elementor-column elementor-col-33 elementor-top-column elementor-element elementor-element-37bcf39\" data-id=\"37bcf39\" data-element_type=\"column\">\n\t\t\t<div class=\"elementor-column-wrap elementor-element-populated\">\n\t\t\t\t\t\t\t<div class=\"elementor-widget-wrap\">\n\t\t\t\t\t\t<div class=\"elementor-element elementor-element-dcccce1 elementor-widget elementor-widget-image\" data-id=\"dcccce1\" data-element_type=\"widget\" data-widget_type=\"image.default\">\n\t\t\t\t<div class=\"elementor-widget-container\">\n\t\t\t\t\t<div class=\"elementor-image\">\n\t\t\t\t\t\t\t\t\t\t<img loading=\"lazy\" decoding=\"async\" width=\"1024\" height=\"605\" src=\"https:\/\/munimiperu.gob.pe\/main\/wp-content\/uploads\/2024\/07\/EMPADRONAMIENTO-MASIVO-4-1024x605.jpg\" class=\"attachment-large size-large\" alt=\"\" srcset=\"https:\/\/munimiperu.gob.pe\/main\/wp-content\/uploads\/2024\/07\/EMPADRONAMIENTO-MASIVO-4.jpg 1024w, https:\/\/munimiperu.gob.pe\/main\/wp-content\/uploads\/2024\/07\/EMPADRONAMIENTO-MASIVO-4-300x177.jpg 300w, https:\/\/munimiperu.gob.pe\/main\/wp-content\/uploads\/2024\/07\/EMPADRONAMIENTO-MASIVO-4-768x454.jpg 768w\" sizes=\"auto, (max-width: 1024px) 100vw, 1024px\" \/>\t\t\t\t\t\t\t\t\t\t\t<\/div>\n\t\t\t\t<\/div>\n\t\t\t\t<\/div>\n\t\t\t\t\t\t<\/div>\n\t\t\t\t\t<\/div>\n\t\t<\/div>\n\t\t\t\t\t\t\t\t<\/div>\n\t\t\t\t\t<\/div>\n\t\t<\/section>\n\t\t\t\t<section class=\"elementor-section elementor-top-section elementor-element elementor-element-67f9724 elementor-section-boxed elementor-section-height-default elementor-section-height-default\" data-id=\"67f9724\" data-element_type=\"section\">\n\t\t\t\t\t\t<div class=\"elementor-container elementor-column-gap-default\">\n\t\t\t\t\t\t\t<div class=\"elementor-row\">\n\t\t\t\t\t<div class=\"elementor-column elementor-col-100 elementor-top-column elementor-element elementor-element-52570ee\" data-id=\"52570ee\" data-element_type=\"column\">\n\t\t\t<div class=\"elementor-column-wrap elementor-element-populated\">\n\t\t\t\t\t\t\t<div class=\"elementor-widget-wrap\">\n\t\t\t\t\t\t<div class=\"elementor-element elementor-element-fc80319 elementor-widget elementor-widget-text-editor\" data-id=\"fc80319\" data-element_type=\"widget\" data-widget_type=\"text-editor.default\">\n\t\t\t\t<div class=\"elementor-widget-container\">\n\t\t\t\t\t<div class=\"elementor-text-editor elementor-clearfix\"><p>Estas acciones tienen como objetivo facilitar el acceso a diversos programas sociales que ofrece el estado, mejorando as\u00ed la calidad de vida de la poblaci\u00f3n.<\/p><p>Cabe aclarar que, el Ministerio de Desarrollo e Inclusi\u00f3n Social, aprob\u00f3 la Directiva <strong>N<\/strong>\u00b0 003-2024-MIDIS, el cual establece las disposiciones para el empadronamiento masivo para la identificaci\u00f3n de informaci\u00f3n de hogares en situaci\u00f3n de vulnerabilidad econ\u00f3mica de los 228 distritos priorizados tanto en Lima y Callao.<\/p><p>Si necesitas conocer tu clasificaci\u00f3n socioecon\u00f3mica ingresa a www.midis.gob.pe\/padron o acude a la unidad local de empadronamiento (ule) de la Municipalidad Distrital de Mi Per\u00fa sito en la Av. Trujillo Mz i 11 lotes 02 y 03 \u2013 Distrito de Mi Per\u00fa.<\/p><\/div>\n\t\t\t\t<\/div>\n\t\t\t\t<\/div>\n\t\t\t\t\t\t<\/div>\n\t\t\t\t\t<\/div>\n\t\t<\/div>\n\t\t\t\t\t\t\t\t<\/div>\n\t\t\t\t\t<\/div>\n\t\t<\/section>\n\t\t\t\t\t\t<\/div>\n\t\t\t\t\t\t<\/div>\n\t\t\t\t\t<\/div>\n\t\t","protected":false},"excerpt":{"rendered":"<p>Con la finalidad de impulsar espacios recreativos y fomentar el turismo en el distrito, el alcalde Irvin Ch\u00e1vez acompa\u00f1ado de su concejo municipal, inaugur\u00f3 el primer parque denominado &#8220;El Mirador&#8221; en el Asentamiento Humano Jes\u00fas Nazareno &#8211; El Arenal. El equipo de empadronadores realiz\u00f3 la jornada en los asentamientos humanos Confraternidad, 07 de junio, Virgen &hellip;<\/p>\n<p class=\"read-more\"> <a class=\"\" href=\"https:\/\/munimiperu.gob.pe\/main\/mi-peru-continua-con-el-empadronamiento-masivo-en-aahh\/\"> <span class=\"screen-reader-text\">MI PER\u00da CONTIN\u00daA CON EL EMPADRONAMIENTO MASIVO EN AAHH<\/span> Leer m\u00e1s &raquo;<\/a><\/p>\n","protected":false},"author":1,"featured_media":17387,"comment_status":"closed","ping_status":"closed","sticky":false,"template":"","format":"standard","meta":{"_mi_skip_tracking":false,"site-sidebar-layout":"default","site-content-layout":"default","ast-main-header-display":"","ast-hfb-above-header-display":"","ast-hfb-below-header-display":"","ast-hfb-mobile-header-display":"","site-post-title":"","ast-breadcrumbs-content":"","ast-featured-img":"","footer-sml-layout":"","theme-transparent-header-meta":"","adv-header-id-meta":"","stick-header-meta":"","header-above-stick-meta":"","header-main-stick-meta":"","header-below-stick-meta":"","footnotes":""},"categories":[130,48],"tags":[],"class_list":["post-17376","post","type-post","status-publish","format-standard","has-post-thumbnail","hentry","category-noticias","category-noticias-destacadas"],"_links":{"self":[{"href":"https:\/\/munimiperu.gob.pe\/main\/wp-json\/wp\/v2\/posts\/17376","targetHints":{"allow":["GET"]}}],"collection":[{"href":"https:\/\/munimiperu.gob.pe\/main\/wp-json\/wp\/v2\/posts"}],"about":[{"href":"https:\/\/munimiperu.gob.pe\/main\/wp-json\/wp\/v2\/types\/post"}],"author":[{"embeddable":true,"href":"https:\/\/munimiperu.gob.pe\/main\/wp-json\/wp\/v2\/users\/1"}],"replies":[{"embeddable":true,"href":"https:\/\/munimiperu.gob.pe\/main\/wp-json\/wp\/v2\/comments?post=17376"}],"version-history":[{"count":8,"href":"https:\/\/munimiperu.gob.pe\/main\/wp-json\/wp\/v2\/posts\/17376\/revisions"}],"predecessor-version":[{"id":17393,"href":"https:\/\/munimiperu.gob.pe\/main\/wp-json\/wp\/v2\/posts\/17376\/revisions\/17393"}],"wp:featuredmedia":[{"embeddable":true,"href":"https:\/\/munimiperu.gob.pe\/main\/wp-json\/wp\/v2\/media\/17387"}],"wp:attachment":[{"href":"https:\/\/munimiperu.gob.pe\/main\/wp-json\/wp\/v2\/media?parent=17376"}],"wp:term":[{"taxonomy":"category","embeddable":true,"href":"https:\/\/munimiperu.gob.pe\/main\/wp-json\/wp\/v2\/categories?post=17376"},{"taxonomy":"post_tag","embeddable":true,"href":"https:\/\/munimiperu.gob.pe\/main\/wp-json\/wp\/v2\/tags?post=17376"}],"curies":[{"name":"wp","href":"https:\/\/api.w.org\/{rel}","templated":true}]}}